{"id":728,"date":"2021-06-21T07:01:20","date_gmt":"2021-06-21T07:01:20","guid":{"rendered":"https:\/\/belboon.simonmade.it\/?p=728"},"modified":"2021-06-28T13:51:28","modified_gmt":"2021-06-28T13:51:28","slug":"una-entrevista-con-simon-gall","status":"publish","type":"post","link":"https:\/\/belboon.com\/es\/una-entrevista-con-simon-gall\/","title":{"rendered":"Una entrevista con Simon Gall"},"content":{"rendered":"\n<p>El <strong>Black Friday<\/strong> est\u00e1 a la vuelta de la esquina y por eso nos reunimos con Simon Gall, fundador y propietario de black-friday.de, y tuvimos una interesante entrevista con \u00e9l. No s\u00f3lo hablamos de su actual modelo de negocio, sino tambi\u00e9n de los retos del marketing de afiliaci\u00f3n y de trabajar con nosotros.<\/p>\n\n\n\n<p><strong>Por favor, pres\u00e9ntese personalmente.<\/strong><\/p>\n\n\n\n<p>Hola, mi nombre es Simon Gall. Estudi\u00e9 ciencias de la comunicaci\u00f3n y de los medios de informaci\u00f3n en la Universidad de Duisburg-Essen y trabajo como consultor independiente para SEO, PPC y marketing de afiliados desde 2010. Adem\u00e1s de mis estudios y mi trabajo, empec\u00e9 pronto a trabajar en mis propios proyectos web. Desde 2012 dirijo la plataforma black-friday.de, donde intento recoger y publicar todas las ofertas de Black Friday de Alemania.<\/p>\n\n\n\n<p><strong>\u00bfQu\u00e9 modelo de negocio persigue con su plataforma y qu\u00e9 es particularmente interesante para los anunciantes?<\/strong><\/p>\n\n\n\n<p>En mi plataforma black-friday.de ofrezco a los anunciantes la oportunidad de presentar sus ofertas de Black Friday a una amplia audiencia. El a\u00f1o pasado, contamos m\u00e1s de 2,5 millones de visitas en nuestro sitio durante el mes del Black Friday.<br>Las ofertas se integran puramente en base a CPA En lugar de cobrar altas tarifas de inscripci\u00f3n para publicar ofertas, nos gustar\u00eda fomentar las mejores ofertas. De esta manera, los usuarios, los anunciantes y nosotros como plataforma nos beneficiamos por igual.<\/p>\n\n\n\n<p><strong>\u00bfCu\u00e1les cree usted que son las dificultades y desaf\u00edos del marketing de afiliaci\u00f3n y qu\u00e9 papel juega aqu\u00ed la cooperaci\u00f3n con una performance network?<\/strong><\/p>\n\n\n\n<p>Al igual que en toda la industria del marketing online, el cambio a los m\u00f3viles y la protecci\u00f3n de datos son, sin duda, los mayores retos del marketing de afiliaci\u00f3n. Para que la asignaci\u00f3n de comisiones sea justa para todas las partes implicadas, deben tenerse en cuenta todos los puntos de contacto del canal de ventas. Especialmente con el tracking de dispositivos cruzados, sigo viendo aqu\u00ed obst\u00e1culos t\u00e9cnicos que espero sean superados en los pr\u00f3ximos a\u00f1os. Los requisitos de la DSGVO, por supuesto, no hacen esto m\u00e1s f\u00e1cil. Pero creo que la industria est\u00e1 en el camino correcto.<\/p>\n\n\n\n<p>Para m\u00ed personalmente, el mayor desaf\u00edo es coordinar un gran n\u00famero de ofertas de diferentes anunciantes en poco tiempo. Ah\u00ed es donde la cooperaci\u00f3n con una red como Belboon es una enorme ayuda.<\/p>\n\n\n\n<p><strong>\u00bfCu\u00e1les son los factores que impulsan sus ingresos basados en la redes?<\/strong><\/p>\n\n\n\n<p>Buenas ofertas, seguimiento fiable y sitios web de anunciantes de gran rendimiento.<\/p>\n\n\n\n<p><strong>\u00bfQu\u00e9 tres palabras le vienen a la mente cuando piensa en trabajar con belboon?<\/strong><\/p>\n\n\n\n<p>Competente, amable y profesional.<\/p>\n\n\n\n<p><strong>Por favor, describa su mejor experiencia con nuestra red.<\/strong><\/p>\n\n\n\n<p>Siempre me sorprende lo bien que funcionan algunas de las ofertas del Black Friday. Me sorprendi\u00f3 belboon, por ejemplo, por el rendimiento de los calcetines de colores. Nunca hubiera esperado eso.<\/p>\n\n\n\n<p><strong>\u00bfQu\u00e9 tipo de programa de afiliados o qu\u00e9 sector publicitario te atrae de nuestra red y por qu\u00e9?<\/strong><\/p>\n\n\n\n<p>Eso es claramente la electr\u00f3nica y la moda. La electr\u00f3nica es tradicionalmente muy fuerte en el Black Friday, ya que las primeras ofertas llegaron a Alemania gracias a Apple, y posteriormente Apple y los minoristas de electr\u00f3nica organizaron primero las ventas del Black Friday. En los \u00faltimos a\u00f1os, sin embargo, la moda se ha vuelto cada vez m\u00e1s fuerte y ahora constituye una gran parte de las ofertas del Black Friday alem\u00e1n.<\/p>\n\n\n\n<p><strong>\u00bfC\u00f3mo se imagina su futura cooperaci\u00f3n con nosotros?<\/strong><\/p>\n\n\n\n<p>Espero que podamos realizar muchas m\u00e1s ofertas de Black Friday y que el crecimiento de usuarios y distribuidores contin\u00fae en los pr\u00f3ximos a\u00f1os.<\/p>\n\n\n\n<p><strong>\u00bfQu\u00e9 es lo que siempre ha querido decirnos?<\/strong><\/p>\n\n\n\n<p>Gracias y sigue as\u00ed!<\/p>\n\n\n\n<p>Nos gustar\u00eda agradecer a Simon Gall por esta emocionante entrevista y esperamos continuar nuestra cooperaci\u00f3n.<\/p>\n\n\n\n<p><strong>Contacto<\/strong><\/p>\n\n\n\n<p>presse@belboon.com<\/p>\n","protected":false},"excerpt":{"rendered":"<p>El Black Friday est\u00e1 a la vuelta de la esquina y por eso nos reunimos con Simon Gall, fundador y propietario de black-friday.de, y tuvimos una interesante entrevista con \u00e9l. No s\u00f3lo hablamos de su actual modelo de negocio, sino tambi\u00e9n de los retos del marketing de afiliaci\u00f3n y de trabajar con nosotros. Por favor, [&hellip;]<\/p>\n","protected":false},"author":4,"featured_media":601,"comment_status":"open","ping_status":"open","sticky":false,"template":"","format":"standard","meta":{"_acf_changed":false,"footnotes":""},"categories":[42],"tags":[],"class_list":["post-728","post","type-post","status-publish","format-standard","has-post-thumbnail","hentry","category-entrevista"],"acf":[],"yoast_head":"<!-- This site is optimized with the Yoast SEO plugin v25.4 - https:\/\/yoast.com\/wordpress\/plugins\/seo\/ -->\n<title>Una entrevista con Simon Gall - Belboon<\/title>\n<meta name=\"robots\" content=\"index, follow, max-snippet:-1, max-image-preview:large, max-video-preview:-1\" \/>\n<link rel=\"canonical\" href=\"https:\/\/belboon.com\/es\/una-entrevista-con-simon-gall\/\" \/>\n<meta property=\"og:locale\" content=\"es_ES\" \/>\n<meta property=\"og:type\" content=\"article\" \/>\n<meta property=\"og:title\" content=\"Una entrevista con Simon Gall - Belboon\" \/>\n<meta property=\"og:description\" content=\"El Black Friday est\u00e1 a la vuelta de la esquina y por eso nos reunimos con Simon Gall, fundador y propietario de black-friday.de, y tuvimos una interesante entrevista con \u00e9l. No s\u00f3lo hablamos de su actual modelo de negocio, sino tambi\u00e9n de los retos del marketing de afiliaci\u00f3n y de trabajar con nosotros. Por favor, [&hellip;]\" \/>\n<meta property=\"og:url\" content=\"https:\/\/belboon.com\/es\/una-entrevista-con-simon-gall\/\" \/>\n<meta property=\"og:site_name\" content=\"Belboon\" \/>\n<meta property=\"article:published_time\" content=\"2021-06-21T07:01:20+00:00\" \/>\n<meta property=\"article:modified_time\" content=\"2021-06-28T13:51:28+00:00\" \/>\n<meta property=\"og:image\" content=\"https:\/\/belboon.com\/wp-content\/uploads\/2021\/06\/Simon-Gall-Belboon.jpeg\" \/>\n\t<meta property=\"og:image:width\" content=\"1240\" \/>\n\t<meta property=\"og:image:height\" content=\"700\" \/>\n\t<meta property=\"og:image:type\" content=\"image\/jpeg\" \/>\n<meta name=\"author\" content=\"Dennis Steinrock\" \/>\n<meta name=\"twitter:card\" content=\"summary_large_image\" \/>\n<meta name=\"twitter:label1\" content=\"Written by\" \/>\n\t<meta name=\"twitter:data1\" content=\"Dennis Steinrock\" \/>\n\t<meta name=\"twitter:label2\" content=\"Est. reading time\" \/>\n\t<meta name=\"twitter:data2\" content=\"3 minutes\" \/>\n<script type=\"application\/ld+json\" class=\"yoast-schema-graph\">{\"@context\":\"https:\/\/schema.org\",\"@graph\":[{\"@type\":\"Article\",\"@id\":\"https:\/\/belboon.com\/es\/una-entrevista-con-simon-gall\/#article\",\"isPartOf\":{\"@id\":\"https:\/\/belboon.com\/es\/una-entrevista-con-simon-gall\/\"},\"author\":{\"name\":\"Dennis Steinrock\",\"@id\":\"https:\/\/belboon.com\/es\/#\/schema\/person\/b48d6925ffafa9c5171566e2e5744cec\"},\"headline\":\"Una entrevista con Simon Gall\",\"datePublished\":\"2021-06-21T07:01:20+00:00\",\"dateModified\":\"2021-06-28T13:51:28+00:00\",\"mainEntityOfPage\":{\"@id\":\"https:\/\/belboon.com\/es\/una-entrevista-con-simon-gall\/\"},\"wordCount\":662,\"commentCount\":0,\"publisher\":{\"@id\":\"https:\/\/belboon.com\/es\/#organization\"},\"image\":{\"@id\":\"https:\/\/belboon.com\/es\/una-entrevista-con-simon-gall\/#primaryimage\"},\"thumbnailUrl\":\"https:\/\/belboon.com\/wp-content\/uploads\/2021\/06\/Simon-Gall-Belboon.jpeg\",\"articleSection\":[\"Entrevista\"],\"inLanguage\":\"es-ES\",\"potentialAction\":[{\"@type\":\"CommentAction\",\"name\":\"Comment\",\"target\":[\"https:\/\/belboon.com\/es\/una-entrevista-con-simon-gall\/#respond\"]}]},{\"@type\":\"WebPage\",\"@id\":\"https:\/\/belboon.com\/es\/una-entrevista-con-simon-gall\/\",\"url\":\"https:\/\/belboon.com\/es\/una-entrevista-con-simon-gall\/\",\"name\":\"Una entrevista con Simon Gall - Belboon\",\"isPartOf\":{\"@id\":\"https:\/\/belboon.com\/es\/#website\"},\"primaryImageOfPage\":{\"@id\":\"https:\/\/belboon.com\/es\/una-entrevista-con-simon-gall\/#primaryimage\"},\"image\":{\"@id\":\"https:\/\/belboon.com\/es\/una-entrevista-con-simon-gall\/#primaryimage\"},\"thumbnailUrl\":\"https:\/\/belboon.com\/wp-content\/uploads\/2021\/06\/Simon-Gall-Belboon.jpeg\",\"datePublished\":\"2021-06-21T07:01:20+00:00\",\"dateModified\":\"2021-06-28T13:51:28+00:00\",\"breadcrumb\":{\"@id\":\"https:\/\/belboon.com\/es\/una-entrevista-con-simon-gall\/#breadcrumb\"},\"inLanguage\":\"es-ES\",\"potentialAction\":[{\"@type\":\"ReadAction\",\"target\":[\"https:\/\/belboon.com\/es\/una-entrevista-con-simon-gall\/\"]}]},{\"@type\":\"ImageObject\",\"inLanguage\":\"es-ES\",\"@id\":\"https:\/\/belboon.com\/es\/una-entrevista-con-simon-gall\/#primaryimage\",\"url\":\"https:\/\/belboon.com\/wp-content\/uploads\/2021\/06\/Simon-Gall-Belboon.jpeg\",\"contentUrl\":\"https:\/\/belboon.com\/wp-content\/uploads\/2021\/06\/Simon-Gall-Belboon.jpeg\",\"width\":1240,\"height\":700,\"caption\":\"Simon-Gall\"},{\"@type\":\"BreadcrumbList\",\"@id\":\"https:\/\/belboon.com\/es\/una-entrevista-con-simon-gall\/#breadcrumb\",\"itemListElement\":[{\"@type\":\"ListItem\",\"position\":1,\"name\":\"Home\",\"item\":\"https:\/\/belboon.com\/es\/\"},{\"@type\":\"ListItem\",\"position\":2,\"name\":\"Una entrevista con Simon Gall\"}]},{\"@type\":\"WebSite\",\"@id\":\"https:\/\/belboon.com\/es\/#website\",\"url\":\"https:\/\/belboon.com\/es\/\",\"name\":\"Belboon\",\"description\":\"Just another WordPress site\",\"publisher\":{\"@id\":\"https:\/\/belboon.com\/es\/#organization\"},\"potentialAction\":[{\"@type\":\"SearchAction\",\"target\":{\"@type\":\"EntryPoint\",\"urlTemplate\":\"https:\/\/belboon.com\/es\/?s={search_term_string}\"},\"query-input\":{\"@type\":\"PropertyValueSpecification\",\"valueRequired\":true,\"valueName\":\"search_term_string\"}}],\"inLanguage\":\"es-ES\"},{\"@type\":\"Organization\",\"@id\":\"https:\/\/belboon.com\/es\/#organization\",\"name\":\"belboon GmbH\",\"url\":\"https:\/\/belboon.com\/es\/\",\"logo\":{\"@type\":\"ImageObject\",\"inLanguage\":\"es-ES\",\"@id\":\"https:\/\/belboon.com\/es\/#\/schema\/logo\/image\/\",\"url\":\"https:\/\/belboon.com\/wp-content\/uploads\/2021\/06\/Logo-belboon.png\",\"contentUrl\":\"https:\/\/belboon.com\/wp-content\/uploads\/2021\/06\/Logo-belboon.png\",\"width\":380,\"height\":136,\"caption\":\"belboon GmbH\"},\"image\":{\"@id\":\"https:\/\/belboon.com\/es\/#\/schema\/logo\/image\/\"},\"sameAs\":[\"https:\/\/www.linkedin.com\/company\/belboongmbh\/\"]},{\"@type\":\"Person\",\"@id\":\"https:\/\/belboon.com\/es\/#\/schema\/person\/b48d6925ffafa9c5171566e2e5744cec\",\"name\":\"Dennis Steinrock\",\"image\":{\"@type\":\"ImageObject\",\"inLanguage\":\"es-ES\",\"@id\":\"https:\/\/belboon.com\/es\/#\/schema\/person\/image\/\",\"url\":\"https:\/\/belboon.com\/wp-content\/uploads\/2021\/06\/Dennis-Steinrock-96x96.png\",\"contentUrl\":\"https:\/\/belboon.com\/wp-content\/uploads\/2021\/06\/Dennis-Steinrock-96x96.png\",\"caption\":\"Dennis Steinrock\"}}]}<\/script>\n<!-- \/ Yoast SEO plugin. -->","yoast_head_json":{"title":"Una entrevista con Simon Gall - Belboon","robots":{"index":"index","follow":"follow","max-snippet":"max-snippet:-1","max-image-preview":"max-image-preview:large","max-video-preview":"max-video-preview:-1"},"canonical":"https:\/\/belboon.com\/es\/una-entrevista-con-simon-gall\/","og_locale":"es_ES","og_type":"article","og_title":"Una entrevista con Simon Gall - Belboon","og_description":"El Black Friday est\u00e1 a la vuelta de la esquina y por eso nos reunimos con Simon Gall, fundador y propietario de black-friday.de, y tuvimos una interesante entrevista con \u00e9l. No s\u00f3lo hablamos de su actual modelo de negocio, sino tambi\u00e9n de los retos del marketing de afiliaci\u00f3n y de trabajar con nosotros. Por favor, [&hellip;]","og_url":"https:\/\/belboon.com\/es\/una-entrevista-con-simon-gall\/","og_site_name":"Belboon","article_published_time":"2021-06-21T07:01:20+00:00","article_modified_time":"2021-06-28T13:51:28+00:00","og_image":[{"width":1240,"height":700,"url":"https:\/\/belboon.com\/wp-content\/uploads\/2021\/06\/Simon-Gall-Belboon.jpeg","type":"image\/jpeg"}],"author":"Dennis Steinrock","twitter_card":"summary_large_image","twitter_misc":{"Written by":"Dennis Steinrock","Est. reading time":"3 minutes"},"schema":{"@context":"https:\/\/schema.org","@graph":[{"@type":"Article","@id":"https:\/\/belboon.com\/es\/una-entrevista-con-simon-gall\/#article","isPartOf":{"@id":"https:\/\/belboon.com\/es\/una-entrevista-con-simon-gall\/"},"author":{"name":"Dennis Steinrock","@id":"https:\/\/belboon.com\/es\/#\/schema\/person\/b48d6925ffafa9c5171566e2e5744cec"},"headline":"Una entrevista con Simon Gall","datePublished":"2021-06-21T07:01:20+00:00","dateModified":"2021-06-28T13:51:28+00:00","mainEntityOfPage":{"@id":"https:\/\/belboon.com\/es\/una-entrevista-con-simon-gall\/"},"wordCount":662,"commentCount":0,"publisher":{"@id":"https:\/\/belboon.com\/es\/#organization"},"image":{"@id":"https:\/\/belboon.com\/es\/una-entrevista-con-simon-gall\/#primaryimage"},"thumbnailUrl":"https:\/\/belboon.com\/wp-content\/uploads\/2021\/06\/Simon-Gall-Belboon.jpeg","articleSection":["Entrevista"],"inLanguage":"es-ES","potentialAction":[{"@type":"CommentAction","name":"Comment","target":["https:\/\/belboon.com\/es\/una-entrevista-con-simon-gall\/#respond"]}]},{"@type":"WebPage","@id":"https:\/\/belboon.com\/es\/una-entrevista-con-simon-gall\/","url":"https:\/\/belboon.com\/es\/una-entrevista-con-simon-gall\/","name":"Una entrevista con Simon Gall - Belboon","isPartOf":{"@id":"https:\/\/belboon.com\/es\/#website"},"primaryImageOfPage":{"@id":"https:\/\/belboon.com\/es\/una-entrevista-con-simon-gall\/#primaryimage"},"image":{"@id":"https:\/\/belboon.com\/es\/una-entrevista-con-simon-gall\/#primaryimage"},"thumbnailUrl":"https:\/\/belboon.com\/wp-content\/uploads\/2021\/06\/Simon-Gall-Belboon.jpeg","datePublished":"2021-06-21T07:01:20+00:00","dateModified":"2021-06-28T13:51:28+00:00","breadcrumb":{"@id":"https:\/\/belboon.com\/es\/una-entrevista-con-simon-gall\/#breadcrumb"},"inLanguage":"es-ES","potentialAction":[{"@type":"ReadAction","target":["https:\/\/belboon.com\/es\/una-entrevista-con-simon-gall\/"]}]},{"@type":"ImageObject","inLanguage":"es-ES","@id":"https:\/\/belboon.com\/es\/una-entrevista-con-simon-gall\/#primaryimage","url":"https:\/\/belboon.com\/wp-content\/uploads\/2021\/06\/Simon-Gall-Belboon.jpeg","contentUrl":"https:\/\/belboon.com\/wp-content\/uploads\/2021\/06\/Simon-Gall-Belboon.jpeg","width":1240,"height":700,"caption":"Simon-Gall"},{"@type":"BreadcrumbList","@id":"https:\/\/belboon.com\/es\/una-entrevista-con-simon-gall\/#breadcrumb","itemListElement":[{"@type":"ListItem","position":1,"name":"Home","item":"https:\/\/belboon.com\/es\/"},{"@type":"ListItem","position":2,"name":"Una entrevista con Simon Gall"}]},{"@type":"WebSite","@id":"https:\/\/belboon.com\/es\/#website","url":"https:\/\/belboon.com\/es\/","name":"Belboon","description":"Just another WordPress site","publisher":{"@id":"https:\/\/belboon.com\/es\/#organization"},"potentialAction":[{"@type":"SearchAction","target":{"@type":"EntryPoint","urlTemplate":"https:\/\/belboon.com\/es\/?s={search_term_string}"},"query-input":{"@type":"PropertyValueSpecification","valueRequired":true,"valueName":"search_term_string"}}],"inLanguage":"es-ES"},{"@type":"Organization","@id":"https:\/\/belboon.com\/es\/#organization","name":"belboon GmbH","url":"https:\/\/belboon.com\/es\/","logo":{"@type":"ImageObject","inLanguage":"es-ES","@id":"https:\/\/belboon.com\/es\/#\/schema\/logo\/image\/","url":"https:\/\/belboon.com\/wp-content\/uploads\/2021\/06\/Logo-belboon.png","contentUrl":"https:\/\/belboon.com\/wp-content\/uploads\/2021\/06\/Logo-belboon.png","width":380,"height":136,"caption":"belboon GmbH"},"image":{"@id":"https:\/\/belboon.com\/es\/#\/schema\/logo\/image\/"},"sameAs":["https:\/\/www.linkedin.com\/company\/belboongmbh\/"]},{"@type":"Person","@id":"https:\/\/belboon.com\/es\/#\/schema\/person\/b48d6925ffafa9c5171566e2e5744cec","name":"Dennis Steinrock","image":{"@type":"ImageObject","inLanguage":"es-ES","@id":"https:\/\/belboon.com\/es\/#\/schema\/person\/image\/","url":"https:\/\/belboon.com\/wp-content\/uploads\/2021\/06\/Dennis-Steinrock-96x96.png","contentUrl":"https:\/\/belboon.com\/wp-content\/uploads\/2021\/06\/Dennis-Steinrock-96x96.png","caption":"Dennis Steinrock"}}]}},"_links":{"self":[{"href":"https:\/\/belboon.com\/es\/wp-json\/wp\/v2\/posts\/728","targetHints":{"allow":["GET"]}}],"collection":[{"href":"https:\/\/belboon.com\/es\/wp-json\/wp\/v2\/posts"}],"about":[{"href":"https:\/\/belboon.com\/es\/wp-json\/wp\/v2\/types\/post"}],"author":[{"embeddable":true,"href":"https:\/\/belboon.com\/es\/wp-json\/wp\/v2\/users\/4"}],"replies":[{"embeddable":true,"href":"https:\/\/belboon.com\/es\/wp-json\/wp\/v2\/comments?post=728"}],"version-history":[{"count":1,"href":"https:\/\/belboon.com\/es\/wp-json\/wp\/v2\/posts\/728\/revisions"}],"predecessor-version":[{"id":729,"href":"https:\/\/belboon.com\/es\/wp-json\/wp\/v2\/posts\/728\/revisions\/729"}],"wp:featuredmedia":[{"embeddable":true,"href":"https:\/\/belboon.com\/es\/wp-json\/wp\/v2\/media\/601"}],"wp:attachment":[{"href":"https:\/\/belboon.com\/es\/wp-json\/wp\/v2\/media?parent=728"}],"wp:term":[{"taxonomy":"category","embeddable":true,"href":"https:\/\/belboon.com\/es\/wp-json\/wp\/v2\/categories?post=728"},{"taxonomy":"post_tag","embeddable":true,"href":"https:\/\/belboon.com\/es\/wp-json\/wp\/v2\/tags?post=728"}],"curies":[{"name":"wp","href":"https:\/\/api.w.org\/{rel}","templated":true}]}}